{"id":3117,"date":"2024-08-05T13:49:35","date_gmt":"2024-08-05T13:49:35","guid":{"rendered":"https:\/\/www.circle-of-compassion.ch\/?p=3117"},"modified":"2024-08-05T13:50:58","modified_gmt":"2024-08-05T13:50:58","slug":"3117","status":"publish","type":"post","link":"https:\/\/www.circle-of-compassion.ch\/fr\/3117\/","title":{"rendered":"Lettre aux lecteurs: NZZ am Sonntag du 7 juillet 2024"},"content":{"rendered":"<p>La NZZ am Sonntag du 7.7.24 a publi\u00e9 un article qui aborde de mani\u00e8re critique les attaques de requins sur les humains. Bien s\u00fbr, elles sont graves. Mais elles sont sans commune mesure avec ce que nous, les humains, faisons subir aux requins. C&rsquo;est pourquoi notre groupe de lecteurs a r\u00e9agi en \u00e9crivant la lettre de lecteur suivante. Bien qu&rsquo;elle soit rarement publi\u00e9e dans la NZZ am Sonntag, nous avons cette fois-ci \u00e9t\u00e9 repris dans l&rsquo;\u00e9dition imprim\u00e9e avec le texte suivant :<\/p>\n<blockquote><p>Il est clair que c&rsquo;est tragique pour les quelque 50 personnes concern\u00e9es chaque ann\u00e9e d&rsquo;\u00eatre attaqu\u00e9es par des requins, m\u00eame si les attaques sont g\u00e9n\u00e9ralement \u00ab\u00a0accidentelles\u00a0\u00bb et que la plupart ne sont heureusement pas mortelles. Mais la \u00ab\u00a0probl\u00e9matique\u00a0\u00bb des requins est, en mati\u00e8re d&rsquo;\u00e9thique animale, un exemple parfait de notre perception d\u00e9form\u00e9e. Pour \u00eatre juste, il faudrait aussi parler des attaques de requins par l&rsquo;homme. Celles-ci ne sont pas du tout \u00ab\u00a0accidentelles\u00a0\u00bb, mais destin\u00e9es \u00e0 satisfaire le palais humain ! Selon des estimations s\u00e9rieuses, 120 millions de requins sont tu\u00e9s chaque ann\u00e9e pour leurs ailerons et leur chair, ou sont rejet\u00e9s \u00e0 la mer gravement bless\u00e9s apr\u00e8s s&rsquo;\u00eatre fait couper les ailerons, sans aucune chance de survie. Et comme les humains attaqu\u00e9s, les requins souffrent aussi, car ils ne sont pas non plus une marchandise sans \u00e2me&#8230;<\/p><\/blockquote>\n","protected":false},"excerpt":{"rendered":"<p>La NZZ am Sonntag du 7.7.24 a publi\u00e9 un article qui aborde de mani\u00e8re critique les attaques de requins sur les humains. Bien s\u00fbr, elles sont graves. Mais elles sont sans commune mesure avec ce que nous, les humains, faisons subir aux requins. C&rsquo;est pourquoi notre groupe de lecteurs a r\u00e9agi en \u00e9crivant la lettre [&hellip;]<\/p>\n","protected":false},"author":2,"featured_media":3110,"comment_status":"closed","ping_status":"closed","sticky":false,"template":"","format":"standard","meta":{"_et_pb_use_builder":"","_et_pb_old_content":"","_et_gb_content_width":"","footnotes":""},"categories":[102],"tags":[196,194,197,195],"class_list":["post-3117","post","type-post","status-publish","format-standard","has-post-thumbnail","hentry","category-non-classifiee","tag-attaque","tag-lettre-aux-lecteurs","tag-nzz-fr","tag-requin"],"acf":[],"_links":{"self":[{"href":"https:\/\/www.circle-of-compassion.ch\/fr\/wp-json\/wp\/v2\/posts\/3117","targetHints":{"allow":["GET"]}}],"collection":[{"href":"https:\/\/www.circle-of-compassion.ch\/fr\/wp-json\/wp\/v2\/posts"}],"about":[{"href":"https:\/\/www.circle-of-compassion.ch\/fr\/wp-json\/wp\/v2\/types\/post"}],"author":[{"embeddable":true,"href":"https:\/\/www.circle-of-compassion.ch\/fr\/wp-json\/wp\/v2\/users\/2"}],"replies":[{"embeddable":true,"href":"https:\/\/www.circle-of-compassion.ch\/fr\/wp-json\/wp\/v2\/comments?post=3117"}],"version-history":[{"count":3,"href":"https:\/\/www.circle-of-compassion.ch\/fr\/wp-json\/wp\/v2\/posts\/3117\/revisions"}],"predecessor-version":[{"id":3120,"href":"https:\/\/www.circle-of-compassion.ch\/fr\/wp-json\/wp\/v2\/posts\/3117\/revisions\/3120"}],"wp:featuredmedia":[{"embeddable":true,"href":"https:\/\/www.circle-of-compassion.ch\/fr\/wp-json\/wp\/v2\/media\/3110"}],"wp:attachment":[{"href":"https:\/\/www.circle-of-compassion.ch\/fr\/wp-json\/wp\/v2\/media?parent=3117"}],"wp:term":[{"taxonomy":"category","embeddable":true,"href":"https:\/\/www.circle-of-compassion.ch\/fr\/wp-json\/wp\/v2\/categories?post=3117"},{"taxonomy":"post_tag","embeddable":true,"href":"https:\/\/www.circle-of-compassion.ch\/fr\/wp-json\/wp\/v2\/tags?post=3117"}],"curies":[{"name":"wp","href":"https:\/\/api.w.org\/{rel}","templated":true}]}}