{"id":3331,"date":"2025-03-03T09:15:39","date_gmt":"2025-03-03T09:15:39","guid":{"rendered":"https:\/\/www.circle-of-compassion.ch\/?p=3331"},"modified":"2025-03-03T09:15:39","modified_gmt":"2025-03-03T09:15:39","slug":"lettre-aux-lecteurs-nzz-du-2-fevrier-2025","status":"publish","type":"post","link":"https:\/\/www.circle-of-compassion.ch\/fr\/lettre-aux-lecteurs-nzz-du-2-fevrier-2025\/","title":{"rendered":"Lettre aux lecteurs: NZZ du 2 f\u00e9vrier 2025"},"content":{"rendered":"<p>Un <a href=\"https:\/\/www.woz.ch\/path-preview\/node\/93006\" target=\"_blank\" rel=\"noopener\">article paru dans la WOZ<\/a> du 6 f\u00e9vrier 2025 sugg\u00e8re qu&rsquo;au Danemark, trop de porcs tuent le fjord. Voici notre lettre de lecteur \u00e0 ce sujet :<\/p>\n<blockquote><p>Ce ne sont \u00e9videmment pas les cochons totalement innocents qui tuent les fjords, comme le sugg\u00e8re le titre. Ce sont nous les humains qui, malgr\u00e9 des d\u00e9cennies d&rsquo;avertissements, ne voulons tout simplement pas renoncer aux produits animaux. Les scientifiques interrog\u00e9s dans le rapport proposent certes diff\u00e9rentes m\u00e9thodes d&rsquo;am\u00e9lioration, mais la lutte contre les causes &#8211; c&rsquo;est-\u00e0-dire le renoncement \u00e0 la viande de porc et \u00e0 tous les autres produits animaux &#8211; n&rsquo;est apparemment pas \u00e0 l&rsquo;ordre du jour. Et pourtant, un tel renoncement aurait encore un noble effet \u00ab secondaire \u00bb. Enfin, la fin de la discrimination bient\u00f4t \u00e9ternelle des animaux sensibles, qui sont exploit\u00e9s sans vergogne uniquement en raison de leur appartenance \u00e0 une esp\u00e8ce. Twain avait raison : \u00ab Ce que nous avons fait aux animaux, surtout depuis l&rsquo;industrialisation, nous ne pourrons jamais le r\u00e9parer \u00bb.<\/p><\/blockquote>\n","protected":false},"excerpt":{"rendered":"<p>Un article paru dans la WOZ du 6 f\u00e9vrier 2025 sugg\u00e8re qu&rsquo;au Danemark, trop de porcs tuent le fjord. Voici notre lettre de lecteur \u00e0 ce sujet : Ce ne sont \u00e9videmment pas les cochons totalement innocents qui tuent les fjords, comme le sugg\u00e8re le titre. Ce sont nous les humains qui, malgr\u00e9 des d\u00e9cennies [&hellip;]<\/p>\n","protected":false},"author":3,"featured_media":3110,"comment_status":"closed","ping_status":"closed","sticky":false,"template":"","format":"standard","meta":{"_et_pb_use_builder":"","_et_pb_old_content":"","_et_gb_content_width":"","footnotes":""},"categories":[102],"tags":[194,256],"class_list":["post-3331","post","type-post","status-publish","format-standard","has-post-thumbnail","hentry","category-non-classifiee","tag-lettre-aux-lecteurs","tag-woz-fr"],"acf":[],"_links":{"self":[{"href":"https:\/\/www.circle-of-compassion.ch\/fr\/wp-json\/wp\/v2\/posts\/3331","targetHints":{"allow":["GET"]}}],"collection":[{"href":"https:\/\/www.circle-of-compassion.ch\/fr\/wp-json\/wp\/v2\/posts"}],"about":[{"href":"https:\/\/www.circle-of-compassion.ch\/fr\/wp-json\/wp\/v2\/types\/post"}],"author":[{"embeddable":true,"href":"https:\/\/www.circle-of-compassion.ch\/fr\/wp-json\/wp\/v2\/users\/3"}],"replies":[{"embeddable":true,"href":"https:\/\/www.circle-of-compassion.ch\/fr\/wp-json\/wp\/v2\/comments?post=3331"}],"version-history":[{"count":1,"href":"https:\/\/www.circle-of-compassion.ch\/fr\/wp-json\/wp\/v2\/posts\/3331\/revisions"}],"predecessor-version":[{"id":3335,"href":"https:\/\/www.circle-of-compassion.ch\/fr\/wp-json\/wp\/v2\/posts\/3331\/revisions\/3335"}],"wp:featuredmedia":[{"embeddable":true,"href":"https:\/\/www.circle-of-compassion.ch\/fr\/wp-json\/wp\/v2\/media\/3110"}],"wp:attachment":[{"href":"https:\/\/www.circle-of-compassion.ch\/fr\/wp-json\/wp\/v2\/media?parent=3331"}],"wp:term":[{"taxonomy":"category","embeddable":true,"href":"https:\/\/www.circle-of-compassion.ch\/fr\/wp-json\/wp\/v2\/categories?post=3331"},{"taxonomy":"post_tag","embeddable":true,"href":"https:\/\/www.circle-of-compassion.ch\/fr\/wp-json\/wp\/v2\/tags?post=3331"}],"curies":[{"name":"wp","href":"https:\/\/api.w.org\/{rel}","templated":true}]}}