{"id":3369,"date":"2025-05-20T08:15:45","date_gmt":"2025-05-20T08:15:45","guid":{"rendered":"https:\/\/www.circle-of-compassion.ch\/?p=3369"},"modified":"2025-05-20T08:20:51","modified_gmt":"2025-05-20T08:20:51","slug":"journee-mondiale-des-abeilles-la-disparition-des-abeilles-une-crise-ecologique-qui-nous-concerne-tous","status":"publish","type":"post","link":"https:\/\/www.circle-of-compassion.ch\/fr\/journee-mondiale-des-abeilles-la-disparition-des-abeilles-une-crise-ecologique-qui-nous-concerne-tous\/","title":{"rendered":"Journ\u00e9e mondiale des abeilles : La disparition des abeilles &#8211; une crise \u00e9cologique qui nous concerne tous"},"content":{"rendered":"<p>Aujourd&rsquo;hui, c&rsquo;est la Journ\u00e9e mondiale des abeilles. L&rsquo;ann\u00e9e derni\u00e8re, nous avons parl\u00e9 de <a href=\"https:\/\/www.circle-of-compassion.ch\/de\/weltbienentag-warum-bienen-unverzichtbar-sind\/\">la cruaut\u00e9 de l&rsquo;apiculture<\/a> et montr\u00e9 quelques moyens simples pour que chacun puisse faire quelque chose pour les abeilles. Cette ann\u00e9e, nous voulons attirer l&rsquo;attention sur la disparition des abeilles.<\/p>\n<p>La disparition des abeilles n&rsquo;est pas seulement un sujet environnemental abstrait, mais une menace directe pour la sant\u00e9 de nos \u00e9cosyst\u00e8mes et la s\u00e9curit\u00e9 de notre approvisionnement alimentaire. Alors que les abeilles sont souvent per\u00e7ues comme des insectes mignons qui produisent du miel et pollinisent les fleurs, leur r\u00f4le dans l&rsquo;\u00e9quilibre naturel est irrempla\u00e7able. Un tiers de notre production alimentaire d\u00e9pend de la pollinisation par les abeilles. Mais la population mondiale d&rsquo;abeilles diminue de mani\u00e8re dramatique, et les causes de cette diminution sont multiples et alarmantes.<\/p>\n<h3>Les faits sur la disparition des abeilles<\/h3>\n<p>En Europe et en Suisse, les chiffres sont effrayants. En Suisse, environ 30% des esp\u00e8ces d&rsquo;abeilles sauvages sont menac\u00e9es, et dans de nombreuses r\u00e9gions d&rsquo;Europe, les apiculteurs enregistrent une baisse drastique de leurs colonies d&rsquo;abeilles. Les causes de ce d\u00e9clin sont multiples : les pesticides, notamment les n\u00e9onicotino\u00efdes utilis\u00e9s dans l&rsquo;agriculture, sont l&rsquo;une des plus grandes menaces pour les abeilles. Ces produits chimiques ont un impact direct sur le syst\u00e8me nerveux des insectes et affectent leur capacit\u00e9 \u00e0 naviguer et \u00e0 trouver de la nourriture.<\/p>\n<p>De plus, la perte d&rsquo;habitats due aux monocultures et la destruction des habitats naturels contribuent consid\u00e9rablement \u00e0 la disparition des abeilles. Les abeilles ont besoin d&rsquo;une grande vari\u00e9t\u00e9 d&rsquo;esp\u00e8ces v\u00e9g\u00e9tales pour se nourrir et ne peuvent pas survivre dans des environnements arides et pollu\u00e9s par les pesticides. Le changement climatique renforce ce probl\u00e8me en modifiant les p\u00e9riodes de floraison des plantes et en r\u00e9duisant la disponibilit\u00e9 des sources de nourriture pour les abeilles.<\/p>\n<h3>Les cons\u00e9quences \u00e9thiques et \u00e9cologiques<\/h3>\n<p>La disparition des abeilles a de graves cons\u00e9quences non seulement sur l&rsquo;environnement, mais aussi sur les animaux et la biodiversit\u00e9 en g\u00e9n\u00e9ral. Les abeilles jouent un r\u00f4le crucial dans l&rsquo;\u00e9cosyst\u00e8me, car elles contribuent \u00e0 la pollinisation des plantes, qui sont importantes non seulement pour nous, les humains, mais aussi pour de nombreux autres animaux. Si les abeilles disparaissent, cela n&rsquo;affecte pas seulement la flore, mais aussi les esp\u00e8ces animales qui d\u00e9pendent de ces plantes &#8211; des oiseaux aux insectes en passant par les petits mammif\u00e8res. La perte des pollinisateurs a donc des r\u00e9percussions importantes sur l&rsquo;ensemble de l&rsquo;\u00e9quilibre \u00e9cologique.<\/p>\n<p>Un autre aspect \u00e9thique est le r\u00f4le des abeilles dans l&rsquo;agriculture industrielle. L&rsquo;utilisation commerciale des abeilles, notamment dans l&rsquo;apiculture et la pollinisation massive des monocultures, entra\u00eene un grand stress pour les animaux. Les abeilles sont transport\u00e9es en grand nombre, \u00e9lev\u00e9es dans des conditions extr\u00eames et exploit\u00e9es pour augmenter de mani\u00e8re rentable les rendements de l&rsquo;agriculture. Ces pratiques vont \u00e0 l&rsquo;encontre des principes fondamentaux des droits des animaux, car elles traitent les abeilles comme de simples outils de production et ignorent leurs besoins naturels et leur bien-\u00eatre.<\/p>\n<p>La disparition des abeilles nous montre une fois de plus \u00e0 quel point le monde naturel est vuln\u00e9rable si nous consid\u00e9rons les animaux et l&rsquo;environnement uniquement d&rsquo;un point de vue \u00e9conomique. C&rsquo;est un rappel que nous avons une responsabilit\u00e9 en tant que soci\u00e9t\u00e9, non seulement pour nos propres besoins, mais aussi pour le bien-\u00eatre de tous les \u00eatres vivants sur cette plan\u00e8te.<\/p>\n<h3>Comment le documentaire de SRF met en lumi\u00e8re le sujet<\/h3>\n<p>Le documentaire de SRF \u00ab\u00a0Le dilemme des abeilles &#8211; entre profit et protection des esp\u00e8ces\u00a0\u00bb aborde en profondeur les causes et les cons\u00e9quences de la disparition des abeilles et montre les d\u00e9fis auxquels les abeilles sont confront\u00e9es aujourd&rsquo;hui. Le documentaire ne met pas seulement en lumi\u00e8re les aspects \u00e9cologiques, mais aussi les dimensions \u00e9conomiques et politiques du probl\u00e8me. Il fournit un aper\u00e7u pr\u00e9cieux de l&rsquo;impact de l&rsquo;agriculture industrielle sur les populations d&rsquo;abeilles et incite \u00e0 r\u00e9fl\u00e9chir \u00e0 des solutions.<\/p>\n<p>Tu peux regarder le documentaire complet ici :<\/p>\n<p><iframe loading=\"lazy\" width=\"560\" height=\"315\" src=\"https:\/\/www.srf.ch\/play\/embed?urn=urn:srf:video:987454a7-efb1-4db7-b05d-e14ccd183fc7&#038;subdivisions=false\" allowfullscreen allow=\"geolocation *; autoplay; encrypted-media\"><\/iframe><\/p>\n<h3>Que pouvons-nous faire ?<\/h3>\n<p>La bonne nouvelle, c&rsquo;est que nous pouvons tous faire quelque chose pour lutter contre la disparition des abeilles. La protection des abeilles commence dans ton propre jardin. En plantant des fleurs, des arbustes et des herbes favorables aux abeilles, nous pouvons aider les abeilles \u00e0 trouver suffisamment de nourriture. Renoncer aux pesticides dans nos jardins et soutenir l&rsquo;agriculture biologique sont \u00e9galement des \u00e9tapes importantes. Cependant, les politiques sont appel\u00e9s \u00e0 adopter des r\u00e8gles plus strictes concernant l&rsquo;utilisation des pesticides et \u00e0 promouvoir la protection des abeilles sauvages et des autres pollinisateurs dans l&rsquo;agriculture.<\/p>\n<p>En outre, nous devrions repenser notre consommation : les produits qui misent sur des m\u00e9thodes de culture durables et respectueuses des abeilles m\u00e9ritent notre soutien. Renoncer au miel est une autre \u00e9tape importante pour \u00e9viter l&rsquo;exploitation commerciale des abeilles et privil\u00e9gier les \u00e9dulcorants alternatifs \u00e0 base de plantes.<\/p>\n<h3>Conclusion<\/h3>\n<p>La disparition des abeilles est l&rsquo;un des plus grands d\u00e9fis du 21\u00e8me si\u00e8cle. Sans abeilles, l&rsquo;avenir de nombreuses esp\u00e8ces v\u00e9g\u00e9tales et donc de notre approvisionnement alimentaire est en jeu. Chacun d&rsquo;entre nous peut apporter sa contribution, que ce soit en choisissant des produits durables, en promouvant la biodiversit\u00e9 ou en soutenant les initiatives qui visent \u00e0 prot\u00e9ger les abeilles. La Journ\u00e9e mondiale des abeilles ne doit pas seulement nous inciter \u00e0 c\u00e9l\u00e9brer, mais aussi \u00e0 agir &#8211; pour les abeilles et pour un avenir digne d&rsquo;\u00eatre v\u00e9cu.<\/p>\n<p>Tu veux nous soutenir et soutenir notre travail ? Rien de plus facile &#8211; <a href=\"https:\/\/www.circle-of-compassion.ch\/fr\/devenir-membre\/\">deviens membre<\/a> ou bienfaiteur du Cercle de compassion.<\/p>\n","protected":false},"excerpt":{"rendered":"<p>Aujourd&rsquo;hui, c&rsquo;est la Journ\u00e9e mondiale des abeilles. L&rsquo;ann\u00e9e derni\u00e8re, nous avons parl\u00e9 de la cruaut\u00e9 de l&rsquo;apiculture et montr\u00e9 quelques moyens simples pour que chacun puisse faire quelque chose pour les abeilles. Cette ann\u00e9e, nous voulons attirer l&rsquo;attention sur la disparition des abeilles. La disparition des abeilles n&rsquo;est pas seulement un sujet environnemental abstrait, mais [&hellip;]<\/p>\n","protected":false},"author":2,"featured_media":3038,"comment_status":"closed","ping_status":"closed","sticky":false,"template":"","format":"standard","meta":{"_et_pb_use_builder":"","_et_pb_old_content":"","_et_gb_content_width":"","footnotes":""},"categories":[102],"tags":[],"class_list":["post-3369","post","type-post","status-publish","format-standard","has-post-thumbnail","hentry","category-non-classifiee"],"acf":[],"_links":{"self":[{"href":"https:\/\/www.circle-of-compassion.ch\/fr\/wp-json\/wp\/v2\/posts\/3369","targetHints":{"allow":["GET"]}}],"collection":[{"href":"https:\/\/www.circle-of-compassion.ch\/fr\/wp-json\/wp\/v2\/posts"}],"about":[{"href":"https:\/\/www.circle-of-compassion.ch\/fr\/wp-json\/wp\/v2\/types\/post"}],"author":[{"embeddable":true,"href":"https:\/\/www.circle-of-compassion.ch\/fr\/wp-json\/wp\/v2\/users\/2"}],"replies":[{"embeddable":true,"href":"https:\/\/www.circle-of-compassion.ch\/fr\/wp-json\/wp\/v2\/comments?post=3369"}],"version-history":[{"count":2,"href":"https:\/\/www.circle-of-compassion.ch\/fr\/wp-json\/wp\/v2\/posts\/3369\/revisions"}],"predecessor-version":[{"id":3376,"href":"https:\/\/www.circle-of-compassion.ch\/fr\/wp-json\/wp\/v2\/posts\/3369\/revisions\/3376"}],"wp:featuredmedia":[{"embeddable":true,"href":"https:\/\/www.circle-of-compassion.ch\/fr\/wp-json\/wp\/v2\/media\/3038"}],"wp:attachment":[{"href":"https:\/\/www.circle-of-compassion.ch\/fr\/wp-json\/wp\/v2\/media?parent=3369"}],"wp:term":[{"taxonomy":"category","embeddable":true,"href":"https:\/\/www.circle-of-compassion.ch\/fr\/wp-json\/wp\/v2\/categories?post=3369"},{"taxonomy":"post_tag","embeddable":true,"href":"https:\/\/www.circle-of-compassion.ch\/fr\/wp-json\/wp\/v2\/tags?post=3369"}],"curies":[{"name":"wp","href":"https:\/\/api.w.org\/{rel}","templated":true}]}}