{"id":3313,"date":"2025-02-10T12:22:12","date_gmt":"2025-02-10T12:22:12","guid":{"rendered":"https:\/\/www.circle-of-compassion.ch\/?p=3313"},"modified":"2025-02-10T12:22:12","modified_gmt":"2025-02-10T12:22:12","slug":"lettera-del-lettore-nzz-del-2-febbraio-2025","status":"publish","type":"post","link":"https:\/\/www.circle-of-compassion.ch\/it\/lettera-del-lettore-nzz-del-2-febbraio-2025\/","title":{"rendered":"Lettera del lettore: NZZ del 2 febbraio 2025"},"content":{"rendered":"<p>Il 2 febbraio 2025, la NZZ am Sonntag ha pubblicato un servizio sulla figlia di Paul McCartney perch\u00e9 gi\u00e0 negli anni &#8217;90 aveva rifiutato pelle e pelliccia come stilista. La lettera al direttore a questo proposito \u00e8 stata stampata nell&#8217;edizione di ieri.<\/p>\n<blockquote><p>\u00c8 fantastico che la figlia di Paul McCartney abbia riconosciuto gi\u00e0 negli anni &#8217;90 che la pelliccia e la pelle nella moda sono semplicemente ingiuste e crudeli per gli animali. Molte persone sono contrarie alle pellicce, ma la maggior parte non si rende conto che nella maggior parte dei casi gli animali vengono allevati appositamente per la pelle, in condizioni estremamente precarie e uccisi giovani. Grazie a McCartney, oggi si spera che le persone evitino entrambi i prodotti animali per compassione verso gli animali che soffrono&#8230;<\/p><\/blockquote>\n","protected":false},"excerpt":{"rendered":"<p>Il 2 febbraio 2025, la NZZ am Sonntag ha pubblicato un servizio sulla figlia di Paul McCartney perch\u00e9 gi\u00e0 negli anni &#8217;90 aveva rifiutato pelle e pelliccia come stilista. La lettera al direttore a questo proposito \u00e8 stata stampata nell&#8217;edizione di ieri. \u00c8 fantastico che la figlia di Paul McCartney abbia riconosciuto gi\u00e0 negli anni [&hellip;]<\/p>\n","protected":false},"author":3,"featured_media":3111,"comment_status":"closed","ping_status":"closed","sticky":false,"template":"","format":"standard","meta":{"_et_pb_use_builder":"","_et_pb_old_content":"","_et_gb_content_width":"","footnotes":""},"categories":[103],"tags":[198,201,243],"class_list":["post-3313","post","type-post","status-publish","format-standard","has-post-thumbnail","hentry","category-non-categorizzato","tag-lettera-del-lettore","tag-nzz-it","tag-stella-mccartney-it"],"acf":[],"_links":{"self":[{"href":"https:\/\/www.circle-of-compassion.ch\/it\/wp-json\/wp\/v2\/posts\/3313","targetHints":{"allow":["GET"]}}],"collection":[{"href":"https:\/\/www.circle-of-compassion.ch\/it\/wp-json\/wp\/v2\/posts"}],"about":[{"href":"https:\/\/www.circle-of-compassion.ch\/it\/wp-json\/wp\/v2\/types\/post"}],"author":[{"embeddable":true,"href":"https:\/\/www.circle-of-compassion.ch\/it\/wp-json\/wp\/v2\/users\/3"}],"replies":[{"embeddable":true,"href":"https:\/\/www.circle-of-compassion.ch\/it\/wp-json\/wp\/v2\/comments?post=3313"}],"version-history":[{"count":1,"href":"https:\/\/www.circle-of-compassion.ch\/it\/wp-json\/wp\/v2\/posts\/3313\/revisions"}],"predecessor-version":[{"id":3315,"href":"https:\/\/www.circle-of-compassion.ch\/it\/wp-json\/wp\/v2\/posts\/3313\/revisions\/3315"}],"wp:featuredmedia":[{"embeddable":true,"href":"https:\/\/www.circle-of-compassion.ch\/it\/wp-json\/wp\/v2\/media\/3111"}],"wp:attachment":[{"href":"https:\/\/www.circle-of-compassion.ch\/it\/wp-json\/wp\/v2\/media?parent=3313"}],"wp:term":[{"taxonomy":"category","embeddable":true,"href":"https:\/\/www.circle-of-compassion.ch\/it\/wp-json\/wp\/v2\/categories?post=3313"},{"taxonomy":"post_tag","embeddable":true,"href":"https:\/\/www.circle-of-compassion.ch\/it\/wp-json\/wp\/v2\/tags?post=3313"}],"curies":[{"name":"wp","href":"https:\/\/api.w.org\/{rel}","templated":true}]}}